{"id":580,"date":"2019-06-27T08:29:30","date_gmt":"2019-06-27T07:29:30","guid":{"rendered":"http:\/\/raketenblog.quarkbox.de\/?p=580"},"modified":"2019-07-04T08:31:54","modified_gmt":"2019-07-04T07:31:54","slug":"ein-bild-sagt-mehr-als-1000-car2go-reklameautos","status":"publish","type":"post","link":"http:\/\/raketenblog.quarkbox.de\/?p=580","title":{"rendered":"Ein Bild sagt mehr als 1000 Car2Go Reklameautos"},"content":{"rendered":"\n<p class=\"has-drop-cap\">Eigentlich ben\u00f6tigt das Bild keinen gro\u00dfen Kommentar, aber da es so wunderbar zeigt welche  Ereignisketten ein doofer Falschparker auf dem Radweg ausl\u00f6st will ich es kurz von links nach rechts vorlesen: Ganz links beginnt es mit einem falsch geparkten Car2Go Auto, das breit und br\u00e4sig auf dem Radweg parkt (Merksatz: &#8222;Autos machen nur \u00c4rger!&#8220;). Weiter rechts folgt ein Radfahrer der deswegen auf die Fahrbahn ausweichen muss. Ganz rechts dann ein rotes Auto (nein, dieses mal ist es nicht die <a href=\"\/?p=387\">freiwillige Feuerwehr Neukirchen-Vluyn<\/a>) das mit (vermutlich zu) hoher Geschwindigkeit heran braust, alle schraffierten Bereiche ignoriert um den Radfahrer mit ausreichend Sicherheitsabstand zu \u00fcberholen (DICKES Lob an den Autofahrer hierf\u00fcr!) .<\/p>\n\n\n\n<figure class=\"wp-block-image\"><img loading=\"lazy\" decoding=\"async\" width=\"917\" height=\"1092\" src=\"http:\/\/raketenblog.quarkbox.de\/wp-content\/uploads\/2019\/06\/IMG_0594_B-GO-6916_clip.jpg\" alt=\"Falsch geparktes Car2Go Fahrzeug mit dem Kennzeichen B-GO 6916\" class=\"wp-image-583\" srcset=\"http:\/\/raketenblog.quarkbox.de\/wp-content\/uploads\/2019\/06\/IMG_0594_B-GO-6916_clip.jpg 917w, http:\/\/raketenblog.quarkbox.de\/wp-content\/uploads\/2019\/06\/IMG_0594_B-GO-6916_clip-252x300.jpg 252w, http:\/\/raketenblog.quarkbox.de\/wp-content\/uploads\/2019\/06\/IMG_0594_B-GO-6916_clip-768x915.jpg 768w, http:\/\/raketenblog.quarkbox.de\/wp-content\/uploads\/2019\/06\/IMG_0594_B-GO-6916_clip-645x768.jpg 645w\" sizes=\"auto, (max-width: 917px) 100vw, 917px\" \/><figcaption>Autos machen nur \u00c4rger<\/figcaption><\/figure>\n\n\n\n<h3 class=\"wp-block-heading\">Nachtrag<\/h3>\n\n\n\n<p>Ich habe folgende Anfrage an den Pressesprecher von Car2Go geschickt:<\/p>\n\n\n\n<blockquote class=\"wp-block-quote is-layout-flow wp-block-quote-is-layout-flow\"><p>Sehr geehrter Herr PRESSESPRECHER, mich interessiert, ob und in welcher Form Ihr Unternehmen dazu beitr\u00e4gt die unabdingbare Fahrradfreundlichkeit unserer St\u00e4dte zu verbessern und wie Sie auf Ihrer Nutzer einwirken die Fahrzeuge ordnungsgem\u00e4\u00df abzustellen, bzw. welche Sanktionen Sie gegen\u00fcber den Nutzern anwenden die sich nicht an die Regeln halten. In meiner pers\u00f6nlichen Erfahrungswelt als Radfahrer in K\u00f6ln erscheint mir das Verhalten von free float Carsharern diesbez\u00fcglich \u00fcberdurchschnittlich r\u00fccksichtslos, wobei der Durchschnitt schon ein sehr sehr hohes Ma\u00df an R\u00fccksichstlosigkeit aufweist. Frei nach dem Motto, &#8222;das Auto geh\u00f6rt mir ja nicht, dann ist es mir doch egal wo es herumsteht&#8220;. Die Gef\u00e4hrdungen und Behinderungen denen ich dadurch als Radfahrer ausgesetzt bin sind unz\u00e4hlbar.<\/p><\/blockquote>\n\n\n\n<p>Dabei bin ich auf eine echt tolle Vertreterkette gesto\u00dfen:<\/p>\n\n\n\n<ul class=\"wp-block-list\"><li>1. Kontakt zum Pressesprecher auf der Website von Daimler:<br>Automatische Antwort: &#8220; Hey there, I have a new email address: ******@share-now.com.&#8220;<\/li><li>2. Email an die neue Adresse:<br>&#8222;Sehr geehrter Herr PRESSESPRECHER,<br>dass Sie nun f\u00fcr Daimler <em>und<\/em> BMW sprechen macht Sie zum perfekten Addressaten meiner Nachricht!&#8230;&#8220;<br>Automatische Antwort: &#8222;I will be on vacation until July 14th. I will answer you email when I return. In <em>urgent<\/em> cases please contact VERTRETERIN@share-now.com&#8220;<\/li><li>3. Email an die Vertreterin:<br>&#8222;Sehr geehrte Frau VERTRETERIN, da Sie Herr PRESSESPRECHER in seiner Abwesenheitsnachricht als Vertreterin benannt hat, leite ich Ihnen meine Nachricht an ihn       weiter.&#8220;<br>Um dann, wer h\u00e4tte es Gedacht, eine automatische Antwort zu erhalten!<br>&#8222;Dear Sender, Thank you for your message. I\u00b4m not in the office until 28th June and only have limited access to my emails. In <em>very urgent<\/em> cases please write an email to \u00f6\u00f6\u00f6\u00f6\u00f6@share-now.com resp. \u00e4\u00e4\u00e4\u00e4\u00e4\u00e4@share-now.com or call &#8230;&#8220;<\/li><\/ul>\n\n\n\n<p>Auch wenn ich das gro\u00dfartig choreographierte Crescendo von &#8222;<em>urgent<\/em>&#8220; zu &#8222;<em>very urgent<\/em>&#8220; nur bewundern kann, war ich mit meiner Geduld dann doch etwas am Ende. Hatte das etwa System? Oder sind PressesprecherInnen alle Kinderlos und fahren daher vor den Schulferien in Urlaub? Wie auch immer, ich musste nicht all zulange nachgr\u00fcbeln, denn Frau VERTRETERIN hat dann doch innerhalb von drei Stunden reagiert und mir folgende Antwort mit falscher Anrede (ich tippe auf Autokorrektur am Smartphone&#8230;) zukommen lassen:<\/p>\n\n\n\n<blockquote class=\"wp-block-quote is-layout-flow wp-block-quote-is-layout-flow\"><p>Sehr geehrter Herr FALSCHGESCHRIEBEN,<\/p><p>vielen  Dank f\u00fcr die Weiterleitung Ihrer Email. Zun\u00e4chst eine kleine Anmerkung &#8211;  wir k\u00f6nnen nur f\u00fcr SHARE NOW sprechen, nicht jedoch f\u00fcr Daimler oder  BMW.\u00a0 Ich kann Ihren \u00c4rger bzgl. auf Fahrradwegen parkenden Fahrzeugen gut nachvollziehen. Nat\u00fcrlich ist uns sehr viel an verkehrskonformem Verhalten unserer Kunden gelegen. Wir weisen auf verschiedenen Kan\u00e4len und in unterschiedlichen Formen immer wieder  darauf hin. In der Vergangenheit haben wir auch R\u00fccksichtskampagnen im Stra\u00dfenverkehr gef\u00f6rdert [1]. Werden uns Verkehrsverst\u00f6\u00dfe oder fahrl\u00e4ssiges Verhalten von Kunden gemeldet, werden diese von uns entsprechend  verwarnt, geblockt bzw. vom Service ausgeschlossen. Anschlie\u00dfend k\u00f6nnen wir sagen, dass sich die \u00fcberwiegende Mehrheit unserer Kunden konform im  Stra\u00dfenverkehr verh\u00e4lt [2]. Sollte Ihnen wieder ein derartiger Fall  auffallen, teilen Sie uns dies gern mit Foto und Zeitpunkt mit [3]. Mit freundlichen Gr\u00fc\u00dfen PRESSESPRECHERIN<\/p><cite> <em>Fu\u00dfnoten von mir:<\/em><br>[1] Vielleicht auch <a rel=\"noreferrer noopener\" href=\"http:\/\/raketenblog.quarkbox.de\/?p=561\" target=\"_blank\">diese schlaue Kampagne<\/a> hier?<br>[2] Das sehe ich auch so, aber das eine Prozent dass es nicht tut ist bei den gro\u00dfen Zahlen leider schon extrem nervig.<br>[3] In der Regel sollte der virtuelle Gang zum Ordnungsamt ausreichen, aber in besonders \u00fcblen F\u00e4llen werde ich das sicher tun. <\/cite><\/blockquote>\n\n\n\n<p><\/p>\n","protected":false},"excerpt":{"rendered":"<p>Eigentlich ben\u00f6tigt das Bild keinen gro\u00dfen Kommentar&#8230;<\/p>\n","protected":false},"author":1,"featured_media":583,"comment_status":"open","ping_status":"open","sticky":false,"template":"","format":"standard","meta":{"footnotes":""},"categories":[48],"tags":[49],"class_list":["post-580","post","type-post","status-publish","format-standard","has-post-thumbnail","hentry","category-falschparker-des-monats","tag-falschparker"],"_links":{"self":[{"href":"http:\/\/raketenblog.quarkbox.de\/index.php?rest_route=\/wp\/v2\/posts\/580","targetHints":{"allow":["GET"]}}],"collection":[{"href":"http:\/\/raketenblog.quarkbox.de\/index.php?rest_route=\/wp\/v2\/posts"}],"about":[{"href":"http:\/\/raketenblog.quarkbox.de\/index.php?rest_route=\/wp\/v2\/types\/post"}],"author":[{"embeddable":true,"href":"http:\/\/raketenblog.quarkbox.de\/index.php?rest_route=\/wp\/v2\/users\/1"}],"replies":[{"embeddable":true,"href":"http:\/\/raketenblog.quarkbox.de\/index.php?rest_route=%2Fwp%2Fv2%2Fcomments&post=580"}],"version-history":[{"count":12,"href":"http:\/\/raketenblog.quarkbox.de\/index.php?rest_route=\/wp\/v2\/posts\/580\/revisions"}],"predecessor-version":[{"id":594,"href":"http:\/\/raketenblog.quarkbox.de\/index.php?rest_route=\/wp\/v2\/posts\/580\/revisions\/594"}],"wp:featuredmedia":[{"embeddable":true,"href":"http:\/\/raketenblog.quarkbox.de\/index.php?rest_route=\/wp\/v2\/media\/583"}],"wp:attachment":[{"href":"http:\/\/raketenblog.quarkbox.de\/index.php?rest_route=%2Fwp%2Fv2%2Fmedia&parent=580"}],"wp:term":[{"taxonomy":"category","embeddable":true,"href":"http:\/\/raketenblog.quarkbox.de\/index.php?rest_route=%2Fwp%2Fv2%2Fcategories&post=580"},{"taxonomy":"post_tag","embeddable":true,"href":"http:\/\/raketenblog.quarkbox.de\/index.php?rest_route=%2Fwp%2Fv2%2Ftags&post=580"}],"curies":[{"name":"wp","href":"https:\/\/api.w.org\/{rel}","templated":true}]}}